{"id":9068,"date":"2021-06-24T14:58:06","date_gmt":"2021-06-24T12:58:06","guid":{"rendered":"https:\/\/www.ahs-korneuburg.at\/wp\/?p=9068"},"modified":"2021-06-24T18:13:15","modified_gmt":"2021-06-24T16:13:15","slug":"argenti","status":"publish","type":"post","link":"https:\/\/www.ahs-korneuburg.at\/wp\/argenti\/","title":{"rendered":"Er\u00f6ffnungsfeier der Juniorfirma Argenti"},"content":{"rendered":"<p>Im Rahmen des Wahlpflichtfaches \u201eWirtschaft und Management\u201c haben die Sch\u00fclerInnen die M\u00f6glichkeit, selbst eine Firma zu gr\u00fcnden <!--more-->und ein Gesch\u00e4ftsjahr zu f\u00fchren. Am Montag, den 21. Juni 2021 war es dann soweit: Nach gewissenhafter Vorbereitung fand die Er\u00f6ffnungsfeier der Juniorfirma \u201eArgenti\u201c im kleinen Rahmen statt.<\/p>\n<p>Die Mitsch\u00fclerInnen konnten sich w\u00e4hrend der Pr\u00e4sentation davon \u00fcberzeugen, mit welch Kreativit\u00e4t und Professionalit\u00e4t das Team arbeitet. Das breite Sortiment an hochwertigem Schmuck \u00fcberzeugte!<\/p>\n<p>Gro\u00df war die Freude beim Gesch\u00e4ftsf\u00fchrer und den MitarbeiterInnen, denn der Weg von der Gesch\u00e4ftsidee bis zur Umsetzung war nicht nur mit hohem Zeitaufwand, sondern auch mit entsprechenden Kosten verbunden.<\/p>\n<p>Der Start ist gegl\u00fcckt und der Grundstein f\u00fcr gesch\u00e4ftlichen Erfolg im kommenden Gesch\u00e4ftsjahr ist gelegt!<\/p>\n<p>Website: <a href=\"https:\/\/argenti.4lima.at\/\" target=\"_blank\" rel=\"noopener\">ARGENTI \u2013 Juniorfirma<\/a><\/p>\n<p>Instagram: <a href=\"https:\/\/www.instagram.com\/argenti.at\/?hl=de\" target=\"_blank\" rel=\"noopener\">Argenti (@argenti.at) \u2022 Instagram-Fotos und -Videos<\/a><\/p>\n<p>Foto (oben, v.l.n.r.): Marlene Braunegg, Franz Kurzreiter, Jakob Seidelberger, Valentina Stalitzer, Nikolaus M\u00fcller, Paula Neubacher, Maximilian Reithmayer, Felix Wohlmuth<\/p>\n<p><img decoding=\"async\" src=\"https:\/\/www.ahs-korneuburg.at\/wp\/wp-content\/uploads\/argenti2.jpg\" alt=\"Er\u00f6ffnungsfeier Argenti\"><\/p>\n<p><span style=\"color: #999999;\">Dr. Regina Veigl-Wernhart<\/span><\/p>\n","protected":false},"excerpt":{"rendered":"<p>Im Rahmen des Wahlpflichtfaches \u201eWirtschaft und Management\u201c haben die Sch\u00fclerInnen die M\u00f6glichkeit, selbst eine Firma zu gr\u00fcnden<\/p>\n","protected":false},"author":2,"featured_media":9069,"comment_status":"closed","ping_status":"closed","sticky":false,"template":"","format":"standard","meta":{"ngg_post_thumbnail":0,"footnotes":""},"categories":[20],"tags":[],"class_list":["post-9068","post","type-post","status-publish","format-standard","has-post-thumbnail","hentry","category-20"],"_links":{"self":[{"href":"https:\/\/www.ahs-korneuburg.at\/wp\/wp-json\/wp\/v2\/posts\/9068","targetHints":{"allow":["GET"]}}],"collection":[{"href":"https:\/\/www.ahs-korneuburg.at\/wp\/wp-json\/wp\/v2\/posts"}],"about":[{"href":"https:\/\/www.ahs-korneuburg.at\/wp\/wp-json\/wp\/v2\/types\/post"}],"author":[{"embeddable":true,"href":"https:\/\/www.ahs-korneuburg.at\/wp\/wp-json\/wp\/v2\/users\/2"}],"replies":[{"embeddable":true,"href":"https:\/\/www.ahs-korneuburg.at\/wp\/wp-json\/wp\/v2\/comments?post=9068"}],"version-history":[{"count":11,"href":"https:\/\/www.ahs-korneuburg.at\/wp\/wp-json\/wp\/v2\/posts\/9068\/revisions"}],"predecessor-version":[{"id":9082,"href":"https:\/\/www.ahs-korneuburg.at\/wp\/wp-json\/wp\/v2\/posts\/9068\/revisions\/9082"}],"wp:featuredmedia":[{"embeddable":true,"href":"https:\/\/www.ahs-korneuburg.at\/wp\/wp-json\/wp\/v2\/media\/9069"}],"wp:attachment":[{"href":"https:\/\/www.ahs-korneuburg.at\/wp\/wp-json\/wp\/v2\/media?parent=9068"}],"wp:term":[{"taxonomy":"category","embeddable":true,"href":"https:\/\/www.ahs-korneuburg.at\/wp\/wp-json\/wp\/v2\/categories?post=9068"},{"taxonomy":"post_tag","embeddable":true,"href":"https:\/\/www.ahs-korneuburg.at\/wp\/wp-json\/wp\/v2\/tags?post=9068"}],"curies":[{"name":"wp","href":"https:\/\/api.w.org\/{rel}","templated":true}]}}